{"id":78,"date":"2018-02-22T11:36:18","date_gmt":"2018-02-22T10:36:18","guid":{"rendered":"http:\/\/skyttarna.se\/?p=78"},"modified":"2018-02-24T10:55:57","modified_gmt":"2018-02-24T09:55:57","slug":"arsmotet-2018","status":"publish","type":"post","link":"http:\/\/skyttarna.se\/index.php\/2018\/02\/22\/arsmotet-2018\/","title":{"rendered":"\u00c5rsm\u00f6tet 2018"},"content":{"rendered":"<p>Den 28 januari 2018 hade vi \u00e5rsm\u00f6te. 30-talet medlemmar n\u00e4rvarade och som m\u00f6tets ordf\u00f6rande h\u00e4lsade jag alla v\u00e4lkomna. Gl\u00e4djen var stor \u00f6ver det stora deltagandet, det sades att s\u00e5 h\u00e4r m\u00e5nga p\u00e5 ett \u00e5rsm\u00f6te var l\u00e4nge sedan sist. Gubbo-Janne hade plogat och Kass\u00f6r Roland hade satt p\u00e5 v\u00e4rmen och kokat kaffe samt inhandlat fikabr\u00f6d.<\/p>\n<p><img loading=\"lazy\" decoding=\"async\" class=\"alignnone size-medium wp-image-79\" src=\"\/wp-content\/uploads\/2018\/02\/Inbjudan-Framsida-300x214.png\" alt=\"\" width=\"300\" height=\"214\" srcset=\"\/wp-content\/uploads\/2018\/02\/Inbjudan-Framsida-300x214.png 300w, \/wp-content\/uploads\/2018\/02\/Inbjudan-Framsida.png 661w\" sizes=\"auto, (max-width: 300px) 100vw, 300px\" \/><\/p>\n<p>S\u00e5 h\u00e4r s\u00e5g framsidan p\u00e5 inbjudan ut, och jag var glad \u00f6ver att det lockade n\u00e4rmare halva klubben att n\u00e4rvara. Den andra halvan kanske kommer n\u00e4sta \u00e5r.<\/p>\n<p><img loading=\"lazy\" decoding=\"async\" class=\"alignnone size-medium wp-image-80\" src=\"\/wp-content\/uploads\/2018\/02\/Inbjudan-Baksida-300x214.png\" alt=\"\" width=\"300\" height=\"214\" srcset=\"\/wp-content\/uploads\/2018\/02\/Inbjudan-Baksida-300x214.png 300w, \/wp-content\/uploads\/2018\/02\/Inbjudan-Baksida.png 661w\" sizes=\"auto, (max-width: 300px) 100vw, 300px\" \/><\/p>\n<p>S\u00e5 h\u00e4r skulle baksidan sett ut, men n\u00e4r det br\u00e5kade med inklistring p\u00e5 Postnords tj\u00e4nstesida f\u00f6r digitala vykort f\u00f6rs\u00f6kte jag skriva samma ord, bokst\u00e4ver och siffror, och n\u00e4r det inte fick plats fick jag redigera. Och d\u00e5 blev det n\u00e5t fel med Plusgironumret. Det \u00e4r ingen fara konstaterades ganska snart, annat \u00e4n att ingen kan betala in medlemsavgifterna. De skulle allts\u00e5 inte kunna hamna fel.<\/p>\n<p>S\u00e5ledes fick alla ett nytt vykort i brevl\u00e5dan p\u00e5 den f\u00f6rsta 50-po\u00e4ngaren jag skjutit med min Colt 1911 Government Series 70 i 45ACP. Det var faktiskt den 20:e serien med pistolen jag sk\u00f6t.<\/p>\n<p><img loading=\"lazy\" decoding=\"async\" class=\"alignnone size-medium wp-image-81\" src=\"\/wp-content\/uploads\/2018\/02\/sater17-300x295.jpg\" alt=\"\" width=\"300\" height=\"295\" srcset=\"\/wp-content\/uploads\/2018\/02\/sater17-300x295.jpg 300w, \/wp-content\/uploads\/2018\/02\/sater17.jpg 720w\" sizes=\"auto, (max-width: 300px) 100vw, 300px\" \/> Serie 17: 44 po\u00e4ng<img loading=\"lazy\" decoding=\"async\" class=\"alignnone size-medium wp-image-82\" src=\"\/wp-content\/uploads\/2018\/02\/sater19-300x294.jpg\" alt=\"\" width=\"300\" height=\"294\" srcset=\"\/wp-content\/uploads\/2018\/02\/sater19-300x294.jpg 300w, \/wp-content\/uploads\/2018\/02\/sater19.jpg 720w\" sizes=\"auto, (max-width: 300px) 100vw, 300px\" \/>\u00a0 Serie 19: 47 po\u00e4ng<img loading=\"lazy\" decoding=\"async\" class=\"alignnone size-medium wp-image-83\" src=\"\/wp-content\/uploads\/2018\/02\/sater20-300x296.jpg\" alt=\"\" width=\"300\" height=\"296\" srcset=\"\/wp-content\/uploads\/2018\/02\/sater20-300x296.jpg 300w, \/wp-content\/uploads\/2018\/02\/sater20-100x100.jpg 100w, \/wp-content\/uploads\/2018\/02\/sater20.jpg 720w\" sizes=\"auto, (max-width: 300px) 100vw, 300px\" \/> Serie 20: 50 po\u00e4ng<\/p>\n<p>Tillbaka till \u00e5rsm\u00f6tet, det tog ganska precis tv\u00e5 timmar. Jag hade lovat v\u00e5ran senaste medlem Mats Niemi att vi skulle vara klara till tv\u00e5, och det var vi.<\/p>\n<p>Vi fick en ny styrelse best\u00e5ende av undertecknad, Mattias Lind, som ordf\u00f6rande, Andr\u00e9 Rajalakso som sekreterare, och Rickard Wickman som Kass\u00f6r. Suppleanter blev Andreas Ludvigsson och Janne Andersson, Gubbo-Janne s\u00e5 att ni vet. Vi konstaterade att vi inte hade stadgarna i besittning, och s\u00e5ledes missades det med tv\u00e5 ledam\u00f6ter. Nu har vi stadgarna i besittning, och h\u00e4r klistrar vi in l\u00e4nkar till b\u00e5de <a href=\"\/wp-content\/uploads\/2018\/02\/ssf-2018-protokoll.pdf\" target=\"_blank\" rel=\"noopener\">\u00c5rsm\u00f6tets protokoll<\/a> och till\u00a0<a href=\"\/wp-content\/uploads\/2018\/02\/ssf-2018-stadgar.pdf\" target=\"_blank\" rel=\"noopener\">F\u00f6reningens stadgar<\/a>.<\/p>\n<p><strong>OBS: L\u00e4s detta inl\u00e4gg om <a href=\"http:\/\/skyttarna.se\/index.php\/2018\/02\/24\/foreningens-styrelse\/\">F\u00f6reningens Styrelse<\/a>.<\/strong><br \/>\n&nbsp;<\/p>\n","protected":false},"excerpt":{"rendered":"<p>Den 28 januari 2018 hade vi \u00e5rsm\u00f6te. 30-talet medlemmar n\u00e4rvarade och som m\u00f6tets ordf\u00f6rande h\u00e4lsade jag alla v\u00e4lkomna. Gl\u00e4djen var stor \u00f6ver det stora deltagandet, det sades att s\u00e5 h\u00e4r m\u00e5nga p\u00e5 ett \u00e5rsm\u00f6te var l\u00e4nge sedan sist. Gubbo-Janne hade plogat och Kass\u00f6r Roland hade satt p\u00e5 v\u00e4rmen och kokat kaffe samt inhandlat fikabr\u00f6d. S\u00e5 &hellip; <\/p>\n<p class=\"link-more\"><a href=\"http:\/\/skyttarna.se\/index.php\/2018\/02\/22\/arsmotet-2018\/\" class=\"more-link\">Forts\u00e4tt l\u00e4sa<span class=\"screen-reader-text\"> \u201d\u00c5rsm\u00f6tet 2018\u201d<\/span><\/a><\/p>\n","protected":false},"author":4,"featured_media":0,"comment_status":"open","ping_status":"open","sticky":false,"template":"","format":"standard","meta":{"footnotes":""},"categories":[1],"tags":[],"class_list":["post-78","post","type-post","status-publish","format-standard","hentry","category-okategoriserade"],"_links":{"self":[{"href":"http:\/\/skyttarna.se\/index.php\/wp-json\/wp\/v2\/posts\/78","targetHints":{"allow":["GET"]}}],"collection":[{"href":"http:\/\/skyttarna.se\/index.php\/wp-json\/wp\/v2\/posts"}],"about":[{"href":"http:\/\/skyttarna.se\/index.php\/wp-json\/wp\/v2\/types\/post"}],"author":[{"embeddable":true,"href":"http:\/\/skyttarna.se\/index.php\/wp-json\/wp\/v2\/users\/4"}],"replies":[{"embeddable":true,"href":"http:\/\/skyttarna.se\/index.php\/wp-json\/wp\/v2\/comments?post=78"}],"version-history":[{"count":3,"href":"http:\/\/skyttarna.se\/index.php\/wp-json\/wp\/v2\/posts\/78\/revisions"}],"predecessor-version":[{"id":105,"href":"http:\/\/skyttarna.se\/index.php\/wp-json\/wp\/v2\/posts\/78\/revisions\/105"}],"wp:attachment":[{"href":"http:\/\/skyttarna.se\/index.php\/wp-json\/wp\/v2\/media?parent=78"}],"wp:term":[{"taxonomy":"category","embeddable":true,"href":"http:\/\/skyttarna.se\/index.php\/wp-json\/wp\/v2\/categories?post=78"},{"taxonomy":"post_tag","embeddable":true,"href":"http:\/\/skyttarna.se\/index.php\/wp-json\/wp\/v2\/tags?post=78"}],"curies":[{"name":"wp","href":"https:\/\/api.w.org\/{rel}","templated":true}]}}